{"id":3053,"date":"2026-04-29T17:13:48","date_gmt":"2026-04-29T20:13:48","guid":{"rendered":"https:\/\/www.pgcardiologiausp.com.br\/?p=3053"},"modified":"2026-04-29T17:13:48","modified_gmt":"2026-04-29T20:13:48","slug":"prof-roberto-kalil-e-eleito-membro-titular-da-academia-nacional-de-medicina","status":"publish","type":"post","link":"https:\/\/www.pgcardiologiausp.com.br\/en\/prof-roberto-kalil-e-eleito-membro-titular-da-academia-nacional-de-medicina\/","title":{"rendered":"(Portugu\u00eas) Prof. Roberto Kalil \u00e9 eleito membro titular da Academia Nacional de Medicina"},"content":{"rendered":"<p class=\"qtranxs-available-languages-message qtranxs-available-languages-message-en\">Sorry, this entry is only available in <a href=\"https:\/\/www.pgcardiologiausp.com.br\/pb\/wp-json\/wp\/v2\/posts\/3053\" class=\"qtranxs-available-language-link qtranxs-available-language-link-pb\" title=\"Portugu\u00eas\">Portugu\u00eas<\/a>.<\/p><p><em>Docente da FMUSP passa a integrar a Sec\u00e7\u00e3o de Medicina, ocupando a cadeira n\u00ba 1<\/em><\/p>\n<p>O\u00a0Prof. Dr. Roberto Kalil Filho, titular da disciplina de Cardiologia do Departamento de Cardiopneumologia da Faculdade de Medicina da USP (FMUSP) e Coordenador do Programa de P\u00f3s-gradua\u00e7\u00e3o em Cardiologia da FMUSP, foi eleito membro titular da Academia Nacional de Medicina. A nomea\u00e7\u00e3o o leva a integrar a Sec\u00e7\u00e3o de Medicina, ocupando a cadeira n\u00ba 1, que pertencia ao acad\u00eamico Jos\u00e9 Manoel Jansen, falecido em agosto do ano passado, e tem como patrono o Dr. Joaquim C\u00e2ndido Soares de Meirelles, fundador da institui\u00e7\u00e3o.<\/p>\n<p>&#8220;Com o t\u00edtulo, refor\u00e7o meu compromisso com o desenvolvimento da medicina e a contribui\u00e7\u00e3o para debates sobre os rumos da sa\u00fade no Brasil&#8221;, afirmou o docente em suas redes sociais.<\/p>\n<p>Desde a funda\u00e7\u00e3o da Academia Nacional de Medicina, em 30 de junho de 1829, seus membros se re\u00fanem toda quinta-feira para discutir assuntos m\u00e9dicos da atualidade, numa sess\u00e3o aberta ao p\u00fablico. &#8220;Os acad\u00eamicos querem ajudar o pa\u00eds. A Academia Nacional de Medicina precisa ser consultada pelas autoridades em v\u00e1rios assuntos, como Educa\u00e7\u00e3o, Ensino, Sa\u00fade, entre outros&#8221;, destacou o Professor.<\/p>\n<p><em>Fonte: Assessoria de Comunica\u00e7\u00e3o e Imprensa da FMUSP<\/em><\/p>","protected":false},"excerpt":{"rendered":"<p>Sorry, this entry is only available in Portugu\u00eas.Docente da FMUSP passa a integrar a Sec\u00e7\u00e3o de Medicina, ocupando a cadeira n\u00ba 1 O\u00a0Prof. Dr. Roberto Kalil<span class=\"excerpt-hellip\"> [\u2026]<\/span><\/p>\n","protected":false},"author":1,"featured_media":3054,"comment_status":"closed","ping_status":"closed","sticky":false,"template":"","format":"standard","meta":{"footnotes":""},"categories":[1],"tags":[],"class_list":["post-3053","post","type-post","status-publish","format-standard","has-post-thumbnail","hentry","category-uncategorized"],"yoast_head":"<!-- This site is optimized with the Yoast SEO plugin v25.8 - https:\/\/yoast.com\/wordpress\/plugins\/seo\/ -->\n<title><\/title>\n<meta name=\"robots\" content=\"index, follow, max-snippet:-1, max-image-preview:large, max-video-preview:-1\" \/>\n<link rel=\"canonical\" href=\"https:\/\/www.pgcardiologiausp.com.br\/prof-roberto-kalil-e-eleito-membro-titular-da-academia-nacional-de-medicina\/\" \/>\n<meta property=\"og:locale\" content=\"en_US\" \/>\n<meta property=\"og:type\" content=\"article\" \/>\n<meta property=\"og:title\" content=\"[:pb]Prof. Roberto Kalil \u00e9 eleito membro titular da Academia Nacional de Medicina[:] - P\u00f3s-Gradua\u00e7\u00e3o em Cardiologia FMUSP\" \/>\n<meta property=\"og:description\" content=\"Sorry, this entry is only available in Portugu\u00eas.Docente da FMUSP passa a integrar a Sec\u00e7\u00e3o de Medicina, ocupando a cadeira n\u00ba 1 O\u00a0Prof. Dr. Roberto Kalil [\u2026]\" \/>\n<meta property=\"og:url\" content=\"https:\/\/www.pgcardiologiausp.com.br\/prof-roberto-kalil-e-eleito-membro-titular-da-academia-nacional-de-medicina\/\" \/>\n<meta property=\"og:site_name\" content=\"P\u00f3s-Gradua\u00e7\u00e3o em Cardiologia FMUSP\" \/>\n<meta property=\"article:published_time\" content=\"2026-04-29T20:13:48+00:00\" \/>\n<meta property=\"og:image\" content=\"https:\/\/www.pgcardiologiausp.com.br\/wp-content\/uploads\/2026\/04\/kalil.png\" \/>\n\t<meta property=\"og:image:width\" content=\"428\" \/>\n\t<meta property=\"og:image:height\" content=\"511\" \/>\n\t<meta property=\"og:image:type\" content=\"image\/png\" \/>\n<meta name=\"author\" content=\"tecnico\" \/>\n<meta name=\"twitter:card\" content=\"summary_large_image\" \/>\n<script type=\"application\/ld+json\" class=\"yoast-schema-graph\">{\"@context\":\"https:\/\/schema.org\",\"@graph\":[{\"@type\":\"Article\",\"@id\":\"https:\/\/www.pgcardiologiausp.com.br\/prof-roberto-kalil-e-eleito-membro-titular-da-academia-nacional-de-medicina\/#article\",\"isPartOf\":{\"@id\":\"https:\/\/www.pgcardiologiausp.com.br\/prof-roberto-kalil-e-eleito-membro-titular-da-academia-nacional-de-medicina\/\"},\"author\":{\"name\":\"tecnico\",\"@id\":\"https:\/\/www.pgcardiologiausp.com.br\/#\/schema\/person\/183b9d0d199cd4d8022b4279477be786\"},\"headline\":\"(Portugu\u00eas) Prof. Roberto Kalil \u00e9 eleito membro titular da Academia Nacional de Medicina\",\"datePublished\":\"2026-04-29T20:13:48+00:00\",\"mainEntityOfPage\":{\"@id\":\"https:\/\/www.pgcardiologiausp.com.br\/prof-roberto-kalil-e-eleito-membro-titular-da-academia-nacional-de-medicina\/\"},\"wordCount\":227,\"publisher\":{\"@id\":\"https:\/\/www.pgcardiologiausp.com.br\/#organization\"},\"image\":{\"@id\":\"https:\/\/www.pgcardiologiausp.com.br\/prof-roberto-kalil-e-eleito-membro-titular-da-academia-nacional-de-medicina\/#primaryimage\"},\"thumbnailUrl\":\"https:\/\/www.pgcardiologiausp.com.br\/wp-content\/uploads\/2026\/04\/kalil.png\",\"inLanguage\":\"en-US\"},{\"@type\":\"WebPage\",\"@id\":\"https:\/\/www.pgcardiologiausp.com.br\/prof-roberto-kalil-e-eleito-membro-titular-da-academia-nacional-de-medicina\/\",\"url\":\"https:\/\/www.pgcardiologiausp.com.br\/prof-roberto-kalil-e-eleito-membro-titular-da-academia-nacional-de-medicina\/\",\"name\":\"[:pb]Prof. Roberto Kalil \u00e9 eleito membro titular da Academia Nacional de Medicina[:] - P\u00f3s-Gradua\u00e7\u00e3o em Cardiologia FMUSP\",\"isPartOf\":{\"@id\":\"https:\/\/www.pgcardiologiausp.com.br\/#website\"},\"primaryImageOfPage\":{\"@id\":\"https:\/\/www.pgcardiologiausp.com.br\/prof-roberto-kalil-e-eleito-membro-titular-da-academia-nacional-de-medicina\/#primaryimage\"},\"image\":{\"@id\":\"https:\/\/www.pgcardiologiausp.com.br\/prof-roberto-kalil-e-eleito-membro-titular-da-academia-nacional-de-medicina\/#primaryimage\"},\"thumbnailUrl\":\"https:\/\/www.pgcardiologiausp.com.br\/wp-content\/uploads\/2026\/04\/kalil.png\",\"datePublished\":\"2026-04-29T20:13:48+00:00\",\"breadcrumb\":{\"@id\":\"https:\/\/www.pgcardiologiausp.com.br\/prof-roberto-kalil-e-eleito-membro-titular-da-academia-nacional-de-medicina\/#breadcrumb\"},\"inLanguage\":\"en-US\",\"potentialAction\":[{\"@type\":\"ReadAction\",\"target\":[\"https:\/\/www.pgcardiologiausp.com.br\/prof-roberto-kalil-e-eleito-membro-titular-da-academia-nacional-de-medicina\/\"]}]},{\"@type\":\"ImageObject\",\"inLanguage\":\"en-US\",\"@id\":\"https:\/\/www.pgcardiologiausp.com.br\/prof-roberto-kalil-e-eleito-membro-titular-da-academia-nacional-de-medicina\/#primaryimage\",\"url\":\"https:\/\/www.pgcardiologiausp.com.br\/wp-content\/uploads\/2026\/04\/kalil.png\",\"contentUrl\":\"https:\/\/www.pgcardiologiausp.com.br\/wp-content\/uploads\/2026\/04\/kalil.png\",\"width\":428,\"height\":511},{\"@type\":\"BreadcrumbList\",\"@id\":\"https:\/\/www.pgcardiologiausp.com.br\/prof-roberto-kalil-e-eleito-membro-titular-da-academia-nacional-de-medicina\/#breadcrumb\",\"itemListElement\":[{\"@type\":\"ListItem\",\"position\":1,\"name\":\"Home\",\"item\":\"https:\/\/www.pgcardiologiausp.com.br\/\"},{\"@type\":\"ListItem\",\"position\":2,\"name\":\"Prof. Roberto Kalil \u00e9 eleito membro titular da Academia Nacional de Medicina\"}]},{\"@type\":\"WebSite\",\"@id\":\"https:\/\/www.pgcardiologiausp.com.br\/#website\",\"url\":\"https:\/\/www.pgcardiologiausp.com.br\/\",\"name\":\"P\u00f3s-Gradua\u00e7\u00e3o em Cardiologia FMUSP\",\"description\":\"\",\"publisher\":{\"@id\":\"https:\/\/www.pgcardiologiausp.com.br\/#organization\"},\"potentialAction\":[{\"@type\":\"SearchAction\",\"target\":{\"@type\":\"EntryPoint\",\"urlTemplate\":\"https:\/\/www.pgcardiologiausp.com.br\/?s={search_term_string}\"},\"query-input\":{\"@type\":\"PropertyValueSpecification\",\"valueRequired\":true,\"valueName\":\"search_term_string\"}}],\"inLanguage\":\"en-US\"},{\"@type\":\"Organization\",\"@id\":\"https:\/\/www.pgcardiologiausp.com.br\/#organization\",\"name\":\"P\u00f3s-Gradua\u00e7\u00e3o em Cardiologia FMUSP\",\"url\":\"https:\/\/www.pgcardiologiausp.com.br\/\",\"logo\":{\"@type\":\"ImageObject\",\"inLanguage\":\"en-US\",\"@id\":\"https:\/\/www.pgcardiologiausp.com.br\/#\/schema\/logo\/image\/\",\"url\":\"https:\/\/www.pgcardiologiausp.com.br\/wp-content\/uploads\/2024\/12\/pg_cardio_usp-logo-v1-clearbg-500x341-1.png\",\"contentUrl\":\"https:\/\/www.pgcardiologiausp.com.br\/wp-content\/uploads\/2024\/12\/pg_cardio_usp-logo-v1-clearbg-500x341-1.png\",\"width\":500,\"height\":177,\"caption\":\"P\u00f3s-Gradua\u00e7\u00e3o em Cardiologia FMUSP\"},\"image\":{\"@id\":\"https:\/\/www.pgcardiologiausp.com.br\/#\/schema\/logo\/image\/\"}},{\"@type\":\"Person\",\"@id\":\"https:\/\/www.pgcardiologiausp.com.br\/#\/schema\/person\/183b9d0d199cd4d8022b4279477be786\",\"name\":\"tecnico\",\"sameAs\":[\"https:\/\/www.pgcardiologiausp.com.br\"]}]}<\/script>\n<!-- \/ Yoast SEO plugin. -->","yoast_head_json":{"title":"[:pb]Prof. Roberto Kalil \u00e9 eleito membro titular da Academia Nacional de Medicina[:] - P\u00f3s-Gradua\u00e7\u00e3o em Cardiologia FMUSP","robots":{"index":"index","follow":"follow","max-snippet":"max-snippet:-1","max-image-preview":"max-image-preview:large","max-video-preview":"max-video-preview:-1"},"canonical":"https:\/\/www.pgcardiologiausp.com.br\/prof-roberto-kalil-e-eleito-membro-titular-da-academia-nacional-de-medicina\/","og_locale":"en_US","og_type":"article","og_title":"[:pb]Prof. Roberto Kalil \u00e9 eleito membro titular da Academia Nacional de Medicina[:] - P\u00f3s-Gradua\u00e7\u00e3o em Cardiologia FMUSP","og_description":"Sorry, this entry is only available in Portugu\u00eas.Docente da FMUSP passa a integrar a Sec\u00e7\u00e3o de Medicina, ocupando a cadeira n\u00ba 1 O\u00a0Prof. Dr. Roberto Kalil [\u2026]","og_url":"https:\/\/www.pgcardiologiausp.com.br\/prof-roberto-kalil-e-eleito-membro-titular-da-academia-nacional-de-medicina\/","og_site_name":"P\u00f3s-Gradua\u00e7\u00e3o em Cardiologia FMUSP","article_published_time":"2026-04-29T20:13:48+00:00","og_image":[{"width":428,"height":511,"url":"https:\/\/www.pgcardiologiausp.com.br\/wp-content\/uploads\/2026\/04\/kalil.png","type":"image\/png"}],"author":"tecnico","twitter_card":"summary_large_image","schema":{"@context":"https:\/\/schema.org","@graph":[{"@type":"Article","@id":"https:\/\/www.pgcardiologiausp.com.br\/prof-roberto-kalil-e-eleito-membro-titular-da-academia-nacional-de-medicina\/#article","isPartOf":{"@id":"https:\/\/www.pgcardiologiausp.com.br\/prof-roberto-kalil-e-eleito-membro-titular-da-academia-nacional-de-medicina\/"},"author":{"name":"tecnico","@id":"https:\/\/www.pgcardiologiausp.com.br\/#\/schema\/person\/183b9d0d199cd4d8022b4279477be786"},"headline":"(Portugu\u00eas) Prof. Roberto Kalil \u00e9 eleito membro titular da Academia Nacional de Medicina","datePublished":"2026-04-29T20:13:48+00:00","mainEntityOfPage":{"@id":"https:\/\/www.pgcardiologiausp.com.br\/prof-roberto-kalil-e-eleito-membro-titular-da-academia-nacional-de-medicina\/"},"wordCount":227,"publisher":{"@id":"https:\/\/www.pgcardiologiausp.com.br\/#organization"},"image":{"@id":"https:\/\/www.pgcardiologiausp.com.br\/prof-roberto-kalil-e-eleito-membro-titular-da-academia-nacional-de-medicina\/#primaryimage"},"thumbnailUrl":"https:\/\/www.pgcardiologiausp.com.br\/wp-content\/uploads\/2026\/04\/kalil.png","inLanguage":"en-US"},{"@type":"WebPage","@id":"https:\/\/www.pgcardiologiausp.com.br\/prof-roberto-kalil-e-eleito-membro-titular-da-academia-nacional-de-medicina\/","url":"https:\/\/www.pgcardiologiausp.com.br\/prof-roberto-kalil-e-eleito-membro-titular-da-academia-nacional-de-medicina\/","name":"[:pb]Prof. Roberto Kalil \u00e9 eleito membro titular da Academia Nacional de Medicina[:] - P\u00f3s-Gradua\u00e7\u00e3o em Cardiologia FMUSP","isPartOf":{"@id":"https:\/\/www.pgcardiologiausp.com.br\/#website"},"primaryImageOfPage":{"@id":"https:\/\/www.pgcardiologiausp.com.br\/prof-roberto-kalil-e-eleito-membro-titular-da-academia-nacional-de-medicina\/#primaryimage"},"image":{"@id":"https:\/\/www.pgcardiologiausp.com.br\/prof-roberto-kalil-e-eleito-membro-titular-da-academia-nacional-de-medicina\/#primaryimage"},"thumbnailUrl":"https:\/\/www.pgcardiologiausp.com.br\/wp-content\/uploads\/2026\/04\/kalil.png","datePublished":"2026-04-29T20:13:48+00:00","breadcrumb":{"@id":"https:\/\/www.pgcardiologiausp.com.br\/prof-roberto-kalil-e-eleito-membro-titular-da-academia-nacional-de-medicina\/#breadcrumb"},"inLanguage":"en-US","potentialAction":[{"@type":"ReadAction","target":["https:\/\/www.pgcardiologiausp.com.br\/prof-roberto-kalil-e-eleito-membro-titular-da-academia-nacional-de-medicina\/"]}]},{"@type":"ImageObject","inLanguage":"en-US","@id":"https:\/\/www.pgcardiologiausp.com.br\/prof-roberto-kalil-e-eleito-membro-titular-da-academia-nacional-de-medicina\/#primaryimage","url":"https:\/\/www.pgcardiologiausp.com.br\/wp-content\/uploads\/2026\/04\/kalil.png","contentUrl":"https:\/\/www.pgcardiologiausp.com.br\/wp-content\/uploads\/2026\/04\/kalil.png","width":428,"height":511},{"@type":"BreadcrumbList","@id":"https:\/\/www.pgcardiologiausp.com.br\/prof-roberto-kalil-e-eleito-membro-titular-da-academia-nacional-de-medicina\/#breadcrumb","itemListElement":[{"@type":"ListItem","position":1,"name":"Home","item":"https:\/\/www.pgcardiologiausp.com.br\/"},{"@type":"ListItem","position":2,"name":"Prof. Roberto Kalil \u00e9 eleito membro titular da Academia Nacional de Medicina"}]},{"@type":"WebSite","@id":"https:\/\/www.pgcardiologiausp.com.br\/#website","url":"https:\/\/www.pgcardiologiausp.com.br\/","name":"P\u00f3s-Gradua\u00e7\u00e3o em Cardiologia FMUSP","description":"","publisher":{"@id":"https:\/\/www.pgcardiologiausp.com.br\/#organization"},"potentialAction":[{"@type":"SearchAction","target":{"@type":"EntryPoint","urlTemplate":"https:\/\/www.pgcardiologiausp.com.br\/?s={search_term_string}"},"query-input":{"@type":"PropertyValueSpecification","valueRequired":true,"valueName":"search_term_string"}}],"inLanguage":"en-US"},{"@type":"Organization","@id":"https:\/\/www.pgcardiologiausp.com.br\/#organization","name":"P\u00f3s-Gradua\u00e7\u00e3o em Cardiologia FMUSP","url":"https:\/\/www.pgcardiologiausp.com.br\/","logo":{"@type":"ImageObject","inLanguage":"en-US","@id":"https:\/\/www.pgcardiologiausp.com.br\/#\/schema\/logo\/image\/","url":"https:\/\/www.pgcardiologiausp.com.br\/wp-content\/uploads\/2024\/12\/pg_cardio_usp-logo-v1-clearbg-500x341-1.png","contentUrl":"https:\/\/www.pgcardiologiausp.com.br\/wp-content\/uploads\/2024\/12\/pg_cardio_usp-logo-v1-clearbg-500x341-1.png","width":500,"height":177,"caption":"P\u00f3s-Gradua\u00e7\u00e3o em Cardiologia FMUSP"},"image":{"@id":"https:\/\/www.pgcardiologiausp.com.br\/#\/schema\/logo\/image\/"}},{"@type":"Person","@id":"https:\/\/www.pgcardiologiausp.com.br\/#\/schema\/person\/183b9d0d199cd4d8022b4279477be786","name":"tecnico","sameAs":["https:\/\/www.pgcardiologiausp.com.br"]}]}},"_links":{"self":[{"href":"https:\/\/www.pgcardiologiausp.com.br\/en\/wp-json\/wp\/v2\/posts\/3053","targetHints":{"allow":["GET"]}}],"collection":[{"href":"https:\/\/www.pgcardiologiausp.com.br\/en\/wp-json\/wp\/v2\/posts"}],"about":[{"href":"https:\/\/www.pgcardiologiausp.com.br\/en\/wp-json\/wp\/v2\/types\/post"}],"author":[{"embeddable":true,"href":"https:\/\/www.pgcardiologiausp.com.br\/en\/wp-json\/wp\/v2\/users\/1"}],"replies":[{"embeddable":true,"href":"https:\/\/www.pgcardiologiausp.com.br\/en\/wp-json\/wp\/v2\/comments?post=3053"}],"version-history":[{"count":1,"href":"https:\/\/www.pgcardiologiausp.com.br\/en\/wp-json\/wp\/v2\/posts\/3053\/revisions"}],"predecessor-version":[{"id":3055,"href":"https:\/\/www.pgcardiologiausp.com.br\/en\/wp-json\/wp\/v2\/posts\/3053\/revisions\/3055"}],"wp:featuredmedia":[{"embeddable":true,"href":"https:\/\/www.pgcardiologiausp.com.br\/en\/wp-json\/wp\/v2\/media\/3054"}],"wp:attachment":[{"href":"https:\/\/www.pgcardiologiausp.com.br\/en\/wp-json\/wp\/v2\/media?parent=3053"}],"wp:term":[{"taxonomy":"category","embeddable":true,"href":"https:\/\/www.pgcardiologiausp.com.br\/en\/wp-json\/wp\/v2\/categories?post=3053"},{"taxonomy":"post_tag","embeddable":true,"href":"https:\/\/www.pgcardiologiausp.com.br\/en\/wp-json\/wp\/v2\/tags?post=3053"}],"curies":[{"name":"wp","href":"https:\/\/api.w.org\/{rel}","templated":true}]}}